{"id":691,"date":"2017-03-17T00:06:29","date_gmt":"2017-03-16T23:06:29","guid":{"rendered":"http:\/\/cpoteiza.educacion.navarra.es\/blog\/?p=691"},"modified":"2017-03-17T00:06:29","modified_gmt":"2017-03-16T23:06:29","slug":"4o-dia-nieve-2017","status":"publish","type":"post","link":"https:\/\/cpoteiza.educacion.navarra.es\/blog\/2017\/03\/17\/4o-dia-nieve-2017\/","title":{"rendered":"4\u00ba d\u00eda Nieve 2017"},"content":{"rendered":"<p>Buen\u00edsimas noches:<\/p>\n<p>Aqu\u00ed estamos un d\u00eda m\u00e1s retransmitiendo desde Orontz.<\/p>\n<p>El d\u00eda ha comenzado antes, nos hemos levantado a las 7,30 h porque a las 9 nos ibamos a esquiar al Valle de Roncal, en concreto, al Ferial que forma parte de las pistas del Valle de Belagua.<\/p>\n<p>Aqu\u00ed si que hay mucha nieve a\u00fan y hay muchos kilometros \u00a0de pistas . Lo hemos disfrutado mucho porque hemos subido a Zampori y luego hemos demostrado todos nuestros aprendizajes bajando desde el monte hasta el refugio del Ferial para terminar el recorrido bajando la temible y famosa \u00abCuesta de la muerte\u00bb. Hemos vuelto encantados aunque el viaje dura 1h y 15 minutos y las curvas son de marear.<\/p>\n<p>Al llegar al albergue hemos comido: Alubia blanca, filetes a \u00a0la plancha y manzana y de ah\u00ed nos hemos ido a duchar los 30. Hoy teniamos m\u00e1s tiempo porque hasta las 18 h no venia el autob\u00fas a buscarnos para ir a la fiesta y entrega de diplomas.<\/p>\n<p>A las 18,30 ha comenzado la fiesta y nos hemos bailado todas las canciones de m\u00e1s exito del momento. Ten\u00edais que ver c\u00f3mo movemos el esqueleto, sobre todo uno. Qu\u00e9 marcha.Nos lo hemos pasado super bien bailando y cantando con todos los participantes de esta semana en el Valle del Salazar. Al finalizar cada monitor\/a nos ha hecho entrega de un diploma donde indica el nivel de esqu\u00ed que hemos alcanzado y nuestro comportamiento.<\/p>\n<p>Todos hemos superado con buena nota la semana. \u00a0Y a cenar.<\/p>\n<p>Despu\u00e9s de cenar hemos estado rellenando unas encuestas de satisfacci\u00f3n de la semana de la nieve 2017 y hemos estado jugando a juegos de mesa y hablando. A las 23 h a la camica que se echa de menos en estas alturas de semana.<\/p>\n<p>Ma\u00f1ana es nuestro \u00faltimo d\u00eda y queremos salir de Orontz sobre las 15,30 h para estar en Estella sobre las 17,00 h. All\u00ed os esperamos.<\/p>\n<p>Muchas gracias por vuestros comentarios. Nos vamos a dormir ya.<\/p>\n<p>Os dejamos unas cuantas fotos m\u00e1s.<\/p>\n<p>Besicos.<\/p>\n<p>Pinchad en el enlace<\/p>\n<p><a href=\"https:\/\/goo.gl\/photos\/CcU3ZGAHsSoEB7R2A\">https:\/\/goo.gl\/photos\/CcU3ZGAHsSoEB7R2A<\/a><\/p>\n","protected":false},"excerpt":{"rendered":"<p>Buen\u00edsimas noches: Aqu\u00ed estamos un d\u00eda m\u00e1s retransmitiendo desde Orontz. El d\u00eda ha comenzado antes, nos hemos levantado a las 7,30 h porque a las 9 nos ibamos a esquiar al Valle de Roncal, en concreto, al Ferial que forma parte de las pistas del Valle de Belagua. Aqu\u00ed si que hay mucha nieve a\u00fan &hellip; <\/p>\n<p><a class=\"more-link btn\" href=\"https:\/\/cpoteiza.educacion.navarra.es\/blog\/2017\/03\/17\/4o-dia-nieve-2017\/\">Continue reading<\/a><\/p>\n","protected":false},"author":1,"featured_media":0,"comment_status":"open","ping_status":"open","sticky":false,"template":"","format":"standard","meta":[],"categories":[5,21],"tags":[],"_links":{"self":[{"href":"https:\/\/cpoteiza.educacion.navarra.es\/blog\/wp-json\/wp\/v2\/posts\/691"}],"collection":[{"href":"https:\/\/cpoteiza.educacion.navarra.es\/blog\/wp-json\/wp\/v2\/posts"}],"about":[{"href":"https:\/\/cpoteiza.educacion.navarra.es\/blog\/wp-json\/wp\/v2\/types\/post"}],"author":[{"embeddable":true,"href":"https:\/\/cpoteiza.educacion.navarra.es\/blog\/wp-json\/wp\/v2\/users\/1"}],"replies":[{"embeddable":true,"href":"https:\/\/cpoteiza.educacion.navarra.es\/blog\/wp-json\/wp\/v2\/comments?post=691"}],"version-history":[{"count":1,"href":"https:\/\/cpoteiza.educacion.navarra.es\/blog\/wp-json\/wp\/v2\/posts\/691\/revisions"}],"predecessor-version":[{"id":692,"href":"https:\/\/cpoteiza.educacion.navarra.es\/blog\/wp-json\/wp\/v2\/posts\/691\/revisions\/692"}],"wp:attachment":[{"href":"https:\/\/cpoteiza.educacion.navarra.es\/blog\/wp-json\/wp\/v2\/media?parent=691"}],"wp:term":[{"taxonomy":"category","embeddable":true,"href":"https:\/\/cpoteiza.educacion.navarra.es\/blog\/wp-json\/wp\/v2\/categories?post=691"},{"taxonomy":"post_tag","embeddable":true,"href":"https:\/\/cpoteiza.educacion.navarra.es\/blog\/wp-json\/wp\/v2\/tags?post=691"}],"curies":[{"name":"wp","href":"https:\/\/api.w.org\/{rel}","templated":true}]}}