{"id":625,"date":"2015-02-27T21:28:53","date_gmt":"2015-02-27T20:28:53","guid":{"rendered":"http:\/\/cpoteiza.educacion.navarra.es\/blog\/?p=625"},"modified":"2015-02-28T13:05:37","modified_gmt":"2015-02-28T12:05:37","slug":"5%c2%ba-dia-nieve-2015","status":"publish","type":"post","link":"https:\/\/cpoteiza.educacion.navarra.es\/blog\/2015\/02\/27\/5%c2%ba-dia-nieve-2015\/","title":{"rendered":"5\u00ba d\u00eda Nieve 2015"},"content":{"rendered":"<p>Ya est\u00e1, se acab\u00f3, pero de que manera m\u00e1s buena.<\/p>\n<p>Qu\u00e9 pena , ha llegado el viernes y se ha pasado volando. Era nuestro ultimo d\u00eda en la nieve. La naturaleza nos ha dado una tregua y nos ha dejado esquiar esta ma\u00f1ana, la nieve era la ideal para su pr\u00e1ctica, pues te dejaba deslizarte y frenar.<br \/>\nDespu\u00e9s de comer  hemos acabado de recoger nuestras cosas y hemos bajados las maletas al hall del Hotel Isaba.<\/p>\n<p>Y al autob\u00fas. Esto no ten\u00eda ya vuelta atr\u00e1s.<\/p>\n<p>En este Valle del Roncal se quedan 6 de los d\u00edas m\u00e1s intensos de nuestras vidas. Salimos del nido, empezamos a volar solos, conocemos a mucha y buena gente, dejamos claro que somos muy buena gente y que estamos bien educados.<\/p>\n<p>Ha sido un placer compartir con todas las Escuelas Rurales de Tierra Estella estos d\u00edas. No lo olvidaremos. Gracias a cada uno y \u00a0cada una de sus miembros y miembras por todo lo que nos hab\u00e9is dado. Hemos sido una peque\u00f1a familia.<\/p>\n<p> Y un peque\u00f1o mensaje para nuestros alumnos y alumnas: Hab\u00e9is  estado una semana sin m\u00f3viles,tablets,consolas y no os ha pasado nada. No perd\u00e1is el tiempo en casa en mundos virtuales y vivid el real, el de la calle, el del front\u00f3n, el del colegio, el de las salidas al medio. Ah\u00ed os dejo la reflexi\u00f3n.Ya hablaremos en clase de ello. <\/p>\n<p>Ahora a descansar, y nos vemos todos el lunes por nuestras Escuelas Rurales.<\/p>\n<p>Hasta la pr\u00f3xima convivencia.<\/p>\n<p><object classid=\"clsid:d27cdb6e-ae6d-11cf-96b8-444553540000\" width=\"288\" height=\"192\" codebase=\"http:\/\/download.macromedia.com\/pub\/shockwave\/cabs\/flash\/swflash.cab#version=6,0,40,0\"><param name=\"flashvars\" value=\"host=picasaweb.google.com&amp;hl=es&amp;feat=flashalbum&amp;RGB=0x000000&amp;feed=https%3A%2F%2Fpicasaweb.google.com%2Fdata%2Ffeed%2Fapi%2Fuser%2F114609675879383515735%2Falbumid%2F6120622496552989329%3Falt%3Drss%26kind%3Dphoto%26authkey%3DGv1sRgCOjqpcDc39--MA%26hl%3Des\" \/><param name=\"src\" value=\"https:\/\/photos.gstatic.com\/media\/slideshow.swf\" \/><embed type=\"application\/x-shockwave-flash\" width=\"288\" height=\"192\" src=\"https:\/\/photos.gstatic.com\/media\/slideshow.swf\" flashvars=\"host=picasaweb.google.com&amp;hl=es&amp;feat=flashalbum&amp;RGB=0x000000&amp;feed=https%3A%2F%2Fpicasaweb.google.com%2Fdata%2Ffeed%2Fapi%2Fuser%2F114609675879383515735%2Falbumid%2F6120622496552989329%3Falt%3Drss%26kind%3Dphoto%26authkey%3DGv1sRgCOjqpcDc39--MA%26hl%3Des\"><\/embed><\/object><\/p>\n","protected":false},"excerpt":{"rendered":"<p>Ya est\u00e1, se acab\u00f3, pero de que manera m\u00e1s buena. Qu\u00e9 pena , ha llegado el viernes y se ha pasado volando. Era nuestro ultimo d\u00eda en la nieve. La naturaleza nos ha dado una tregua y nos ha dejado esquiar esta ma\u00f1ana, la nieve era la ideal para su pr\u00e1ctica, pues te dejaba deslizarte &hellip; <\/p>\n<p><a class=\"more-link btn\" href=\"https:\/\/cpoteiza.educacion.navarra.es\/blog\/2015\/02\/27\/5%c2%ba-dia-nieve-2015\/\">Continue reading<\/a><\/p>\n","protected":false},"author":1,"featured_media":0,"comment_status":"open","ping_status":"open","sticky":false,"template":"","format":"standard","meta":[],"categories":[5,16],"tags":[],"_links":{"self":[{"href":"https:\/\/cpoteiza.educacion.navarra.es\/blog\/wp-json\/wp\/v2\/posts\/625"}],"collection":[{"href":"https:\/\/cpoteiza.educacion.navarra.es\/blog\/wp-json\/wp\/v2\/posts"}],"about":[{"href":"https:\/\/cpoteiza.educacion.navarra.es\/blog\/wp-json\/wp\/v2\/types\/post"}],"author":[{"embeddable":true,"href":"https:\/\/cpoteiza.educacion.navarra.es\/blog\/wp-json\/wp\/v2\/users\/1"}],"replies":[{"embeddable":true,"href":"https:\/\/cpoteiza.educacion.navarra.es\/blog\/wp-json\/wp\/v2\/comments?post=625"}],"version-history":[{"count":4,"href":"https:\/\/cpoteiza.educacion.navarra.es\/blog\/wp-json\/wp\/v2\/posts\/625\/revisions"}],"predecessor-version":[{"id":629,"href":"https:\/\/cpoteiza.educacion.navarra.es\/blog\/wp-json\/wp\/v2\/posts\/625\/revisions\/629"}],"wp:attachment":[{"href":"https:\/\/cpoteiza.educacion.navarra.es\/blog\/wp-json\/wp\/v2\/media?parent=625"}],"wp:term":[{"taxonomy":"category","embeddable":true,"href":"https:\/\/cpoteiza.educacion.navarra.es\/blog\/wp-json\/wp\/v2\/categories?post=625"},{"taxonomy":"post_tag","embeddable":true,"href":"https:\/\/cpoteiza.educacion.navarra.es\/blog\/wp-json\/wp\/v2\/tags?post=625"}],"curies":[{"name":"wp","href":"https:\/\/api.w.org\/{rel}","templated":true}]}}