{"id":622,"date":"2015-02-26T20:12:12","date_gmt":"2015-02-26T19:12:12","guid":{"rendered":"http:\/\/cpoteiza.educacion.navarra.es\/blog\/?p=622"},"modified":"2015-02-26T20:12:45","modified_gmt":"2015-02-26T19:12:45","slug":"4%c2%ba-dia-de-nieve-2015","status":"publish","type":"post","link":"https:\/\/cpoteiza.educacion.navarra.es\/blog\/2015\/02\/26\/4%c2%ba-dia-de-nieve-2015\/","title":{"rendered":"4\u00ba d\u00eda de Nieve 2015"},"content":{"rendered":"<p>Buenas tardes:<\/p>\n<p>   Otro d\u00eda que no hemos podido esquiar. La organizaci\u00f3n no ha querido poner nuestra integridad en peligro. Con tanta agua ca\u00edda las pistas de Mata de Haya se han convertido en r\u00edos, incluso la m\u00e1quina compactapistas ha quedado atrapada porque la nieve se ha derretido debajo de ella y ha quedado ladeada varias horas. <\/p>\n<p>   Con este amanecer se ha decidido llevar a los participantes de visita en Burgui (de donde salen las almad\u00edas), han visitado una queser\u00eda y han patinado. Actividades alternativas que seg\u00fan sus palabras les han encantado. Varios y varias han comprado algo de queso del Roncal.<\/p>\n<p>   Lo m\u00e1s importante es que el objetivo n\u00famero 1 cada vez sigue mejorando y si ayer el grado de satisfacci\u00f3n era del 200% hoy ha subido al 500%. Esquiar es importante , pero desde nuestro punto de vista, es mucho mejor lo que se ha conseguido al estar juntos en el mismo hotel los cuatro pueblos y estar repartidos por grupos en la nieve con todas las Escuelas Rurales. Todas las palabras son de elogio. Qu\u00e9 grandes chicos y chicas tenemos en Tierra Estella , que f\u00e1cil les va a resultar todo en el Instituto. Tenemos amistad ,incluso ,con las chicas de Azagra  dos a\u00f1os mayores que nosotros. No podemos olvidar la entrega de los maestros y maestra de Tierra Estella para que todo esto se haya conseguido. Las Escuelas Rurales se han convertido en una sola con 6 maestros y una maestra. Estas convivencias deben seguir adelante y deber\u00edan ser obligatorias para todo el alumnado.<br \/>\n   Cuando volvamos preguntad a todos y todas que ha sido lo que m\u00e1s les ha gustado y ya ver\u00e9is como esquiar queda en un segundo plano. Esto es para vivirlo desde dentro, contado no es ni parecido. <\/p>\n<p> Y poco m\u00e1s os tenemos que contar, est\u00e1 casi todo dicho, ya nos quedan pocas horas. Pero a\u00fan tenemos que venir de la fiesta donde estamos bailando como locos y locas, intentando ligar a empujones con alguno o alguna, y volver al hotel a cenar, a compartir , a disfrutar, imaginar, so\u00f1ar, y escuchar y contar alg\u00fan que otro chiste , hacer alg\u00fan que otro juego e irnos a la cama a descansar y guardar muy dentro de nuestras mentes estos d\u00edas tan intensos que no olvidaremos facilmente. <\/p>\n<p>   Ma\u00f1ana queremos salir de Isaba sobre las 15,30 h , igual ser\u00e1n las 16 h. Mientras que llegamos a Villatuerta  y vamos a Estella igual nos dan las 18,00 h entrando por Oteiza. Tened paciencia que llegar llegaremos,tomad un cafe , que igual son las 18,30, llegaremos cansados pero habiendo aprendido una gran lecci\u00f3n: \u00a1Qu\u00e9 bien nos viene, de vez en cuando,salir del regazo de nuestras familias para demostrarnos a nosotros mismos que sabemos valernos por nosotros mismos y la importancia de tener una actitud positiva ante la vida!<\/p>\n<p>Gracias a nuestros maestros y maestra de Tierra Estella ( Luis, Antonio,Koldo, Enara, Victor y Javier) por demostrarnos tanto cari\u00f1o y dedicaci\u00f3n las 24 horas de todos estos d\u00edas. <\/p>\n<p>Os dejamos con unas fotos del d\u00eda 4\u00ba de Nieve 2015. Gracias por estar ah\u00ed y animarnos a seguir con estas actividades. Nos vemos. Un beso gordo a todos y todas.<\/p>\n<p><embed type=\"application\/x-shockwave-flash\" src=\"https:\/\/photos.gstatic.com\/media\/slideshow.swf\" width=\"288\" height=\"192\" flashvars=\"host=picasaweb.google.com&#038;hl=es&#038;feat=flashalbum&#038;RGB=0x000000&#038;feed=https%3A%2F%2Fpicasaweb.google.com%2Fdata%2Ffeed%2Fapi%2Fuser%2F114609675879383515735%2Falbumid%2F6120232249449791857%3Falt%3Drss%26kind%3Dphoto%26authkey%3DGv1sRgCI6GnoTBvMmKaQ%26hl%3Des\" pluginspage=\"http:\/\/www.macromedia.com\/go\/getflashplayer\"><\/embed><\/p>\n","protected":false},"excerpt":{"rendered":"<p>Buenas tardes: Otro d\u00eda que no hemos podido esquiar. La organizaci\u00f3n no ha querido poner nuestra integridad en peligro. Con tanta agua ca\u00edda las pistas de Mata de Haya se han convertido en r\u00edos, incluso la m\u00e1quina compactapistas ha quedado atrapada porque la nieve se ha derretido debajo de ella y ha quedado ladeada varias &hellip; <\/p>\n<p><a class=\"more-link btn\" href=\"https:\/\/cpoteiza.educacion.navarra.es\/blog\/2015\/02\/26\/4%c2%ba-dia-de-nieve-2015\/\">Continue reading<\/a><\/p>\n","protected":false},"author":1,"featured_media":0,"comment_status":"open","ping_status":"open","sticky":false,"template":"","format":"standard","meta":[],"categories":[5,16],"tags":[],"_links":{"self":[{"href":"https:\/\/cpoteiza.educacion.navarra.es\/blog\/wp-json\/wp\/v2\/posts\/622"}],"collection":[{"href":"https:\/\/cpoteiza.educacion.navarra.es\/blog\/wp-json\/wp\/v2\/posts"}],"about":[{"href":"https:\/\/cpoteiza.educacion.navarra.es\/blog\/wp-json\/wp\/v2\/types\/post"}],"author":[{"embeddable":true,"href":"https:\/\/cpoteiza.educacion.navarra.es\/blog\/wp-json\/wp\/v2\/users\/1"}],"replies":[{"embeddable":true,"href":"https:\/\/cpoteiza.educacion.navarra.es\/blog\/wp-json\/wp\/v2\/comments?post=622"}],"version-history":[{"count":2,"href":"https:\/\/cpoteiza.educacion.navarra.es\/blog\/wp-json\/wp\/v2\/posts\/622\/revisions"}],"predecessor-version":[{"id":624,"href":"https:\/\/cpoteiza.educacion.navarra.es\/blog\/wp-json\/wp\/v2\/posts\/622\/revisions\/624"}],"wp:attachment":[{"href":"https:\/\/cpoteiza.educacion.navarra.es\/blog\/wp-json\/wp\/v2\/media?parent=622"}],"wp:term":[{"taxonomy":"category","embeddable":true,"href":"https:\/\/cpoteiza.educacion.navarra.es\/blog\/wp-json\/wp\/v2\/categories?post=622"},{"taxonomy":"post_tag","embeddable":true,"href":"https:\/\/cpoteiza.educacion.navarra.es\/blog\/wp-json\/wp\/v2\/tags?post=622"}],"curies":[{"name":"wp","href":"https:\/\/api.w.org\/{rel}","templated":true}]}}