{"id":596,"date":"2014-05-19T23:16:13","date_gmt":"2014-05-19T22:16:13","guid":{"rendered":"http:\/\/cpoteiza.educacion.navarra.es\/blog\/?p=596"},"modified":"2014-05-19T23:16:13","modified_gmt":"2014-05-19T22:16:13","slug":"1er-dia-de-vela-2014","status":"publish","type":"post","link":"https:\/\/cpoteiza.educacion.navarra.es\/blog\/2014\/05\/19\/1er-dia-de-vela-2014\/","title":{"rendered":"1er d\u00eda de Vela 2014"},"content":{"rendered":"<p>Buenas noches:<\/p>\n<p>   Ya estamos aqu\u00ed porque nos han tra\u00eddo nuestros padres y madres esta ma\u00f1ana. Gracias.<br \/>\n   Esta aventura de 5 d\u00edas ha comenzado y ha comenzado intensa. Organizaci\u00f3n de habitaciones, estamos todos y todas juntos, organizaci\u00f3n de grupos, somos un mont\u00f3n de gente de diferentes sitios, y un mont\u00f3n de cosas que aprender y memorizar para el primer d\u00eda. Horarios, grupos, lugares, nombres de amigos nuevos, &#8230; . Un poco l\u00edo pero para ma\u00f1ana ya nos enteraremos de todo que para eso vamos al colegio de Oteiza.<br \/>\n   Hoy el d\u00eda ha sido un poco te\u00f3rico: partes de los barcos, velas, nudos, &#8230; . Luego hemos estado jugando a baloncesto con todos los chicos y chicas de Escuelas Rurales y despu\u00e9s a cenar. Desde aqu\u00ed nos hemos ido a hacer una actividad con nuestros monitores  y monitoras: Rizo, Escota, Barlovento, Wind, &#8230; y a la cama.  Un poco de alboroto pero a las 12 nos han dicho que silencio y ahora no se oye ni una mosca. A las 8.30 en pie y a desayunar.<br \/>\nSobre las 22.00 ha ca\u00eddo aqu\u00ed m\u00e1s agua que hay en el pantano. Vaya rel\u00e1mpagos. Pero nos ha cogido a cubierto. Ma\u00f1ana no llover\u00e1 porque lo va a hacer esta noche. Jeje.<br \/>\nPrimer d\u00eda y primeras emociones. Ma\u00f1ana os contaremos alg\u00fan secretillo de salsa rosa cuando confirmemos las fuentes y ,como ya sab\u00e9is, las fuentes de Jos\u00e9 Luis son fiables. \u00bf Pod\u00e9is aguantar 1 d\u00eda ? Yo creo que el bombazo va a ser may\u00fasculo.<br \/>\nUn besazo desde este mar interior que tenemos cerquita de casa. Os echamos de menos pero no vamos a ir hasta el viernes. Os queremos.<br \/>\nHasta ma\u00f1ana . <\/p>\n<p>Fotos, fotos<\/p>\n<p><embed type=\"application\/x-shockwave-flash\" src=\"https:\/\/photos.gstatic.com\/media\/slideshow.swf\" width=\"288\" height=\"192\" flashvars=\"host=picasaweb.google.com&#038;captions=1&#038;hl=es&#038;feat=flashalbum&#038;RGB=0x000000&#038;feed=https%3A%2F%2Fpicasaweb.google.com%2Fdata%2Ffeed%2Fapi%2Fuser%2F114609675879383515735%2Falbumid%2F6015260614659256769%3Falt%3Drss%26kind%3Dphoto%26authkey%3DGv1sRgCOyZtZfM_6qjDA%26hl%3Des\" pluginspage=\"http:\/\/www.macromedia.com\/go\/getflashplayer\"><\/embed><\/p>\n","protected":false},"excerpt":{"rendered":"<p>Buenas noches: Ya estamos aqu\u00ed porque nos han tra\u00eddo nuestros padres y madres esta ma\u00f1ana. Gracias. Esta aventura de 5 d\u00edas ha comenzado y ha comenzado intensa. Organizaci\u00f3n de habitaciones, estamos todos y todas juntos, organizaci\u00f3n de grupos, somos un mont\u00f3n de gente de diferentes sitios, y un mont\u00f3n de cosas que aprender y memorizar &hellip; <\/p>\n<p><a class=\"more-link btn\" href=\"https:\/\/cpoteiza.educacion.navarra.es\/blog\/2014\/05\/19\/1er-dia-de-vela-2014\/\">Continue reading<\/a><\/p>\n","protected":false},"author":1,"featured_media":0,"comment_status":"open","ping_status":"open","sticky":false,"template":"","format":"standard","meta":[],"categories":[15],"tags":[],"_links":{"self":[{"href":"https:\/\/cpoteiza.educacion.navarra.es\/blog\/wp-json\/wp\/v2\/posts\/596"}],"collection":[{"href":"https:\/\/cpoteiza.educacion.navarra.es\/blog\/wp-json\/wp\/v2\/posts"}],"about":[{"href":"https:\/\/cpoteiza.educacion.navarra.es\/blog\/wp-json\/wp\/v2\/types\/post"}],"author":[{"embeddable":true,"href":"https:\/\/cpoteiza.educacion.navarra.es\/blog\/wp-json\/wp\/v2\/users\/1"}],"replies":[{"embeddable":true,"href":"https:\/\/cpoteiza.educacion.navarra.es\/blog\/wp-json\/wp\/v2\/comments?post=596"}],"version-history":[{"count":1,"href":"https:\/\/cpoteiza.educacion.navarra.es\/blog\/wp-json\/wp\/v2\/posts\/596\/revisions"}],"predecessor-version":[{"id":597,"href":"https:\/\/cpoteiza.educacion.navarra.es\/blog\/wp-json\/wp\/v2\/posts\/596\/revisions\/597"}],"wp:attachment":[{"href":"https:\/\/cpoteiza.educacion.navarra.es\/blog\/wp-json\/wp\/v2\/media?parent=596"}],"wp:term":[{"taxonomy":"category","embeddable":true,"href":"https:\/\/cpoteiza.educacion.navarra.es\/blog\/wp-json\/wp\/v2\/categories?post=596"},{"taxonomy":"post_tag","embeddable":true,"href":"https:\/\/cpoteiza.educacion.navarra.es\/blog\/wp-json\/wp\/v2\/tags?post=596"}],"curies":[{"name":"wp","href":"https:\/\/api.w.org\/{rel}","templated":true}]}}