{"id":492,"date":"2013-01-21T16:40:22","date_gmt":"2013-01-21T15:40:22","guid":{"rendered":"http:\/\/cpoteiza.educacion.navarra.es\/blog\/?p=492"},"modified":"2013-01-21T16:56:18","modified_gmt":"2013-01-21T15:56:18","slug":"1er-dia-en-isaba-enero-2013","status":"publish","type":"post","link":"https:\/\/cpoteiza.educacion.navarra.es\/blog\/2013\/01\/21\/1er-dia-en-isaba-enero-2013\/","title":{"rendered":"1er d\u00eda en Isaba. Enero 2013"},"content":{"rendered":"<p>Ya estamos aqu\u00ed. Una aventura nueva nos espera. Despu\u00e9s de un viaje acalorado por las temperaturas extremas de calefacci\u00f3n en el autob\u00fas y un manojo de nervios ,llegamos a nuestro alojamiento \u00abAistenea\u00bb. 3 apartamentos para nosotros y nosotras. Nos repartimos las habitaciones, bajamos a cenar y dimos un poco de guerra antes de dormir. Pero poca.<\/p>\n<p>Esta ma\u00f1ana nos hemos levantado , desayunado y hemos probado lo duro que est\u00e1 el suelo. La Mata de Haya es un sitio precioso para empezar a esquiar. Hemos estado toda la ma\u00f1ana metidos entre hayas y pinos rojos. Nuestro monitor ingl\u00e9s, Richard, es muy majo y estamos muy contentos con \u00e9l. \u00a0Nos ha caido una buena nevada en las pistas , hemos almorzado en el refugio y nos hemos bajado a comer . Lentejas y pescado y yogur de fresa o natural.<\/p>\n<p><!--more--><\/p>\n<p>Ahora estamos haciendo un poco de tiempo para irnos al cine. Aqu\u00ed sigue nevando y 1\u00ba de temperatura. Pero se est\u00e1 mejor que en los recreos del colegio porque no hace fr\u00edo en la casa.La gente de las escuelas rurales es muy maja y hemos estado con ellos en el autob\u00fas , en la nieve y en las actividades de la tarde.<\/p>\n<p>Ma\u00f1ana seguiremos esquiando y aprendiendo. Tambi\u00e9n seguiremos conociendo a amigos y amigas, otras formas de vida, nuestra tierra, nuestra pasi\u00f3n \u00bb Navarra televisi\u00f3n\u00bb. Risas varias.<\/p>\n<p>Bueno, en resumen, que estamos muy bien. Y os echamos de menos. Muchos abrazos y besos para todo el cole y en especial para nuestros compa\u00f1eros y compa\u00f1eras de 5\u00ba y 6\u00ba.<\/p>\n<p>Esta tarde tenemos sesi\u00f3n de cine y teatro. Algo muy especial y original. Diferente a lo que conocemos.<\/p>\n<p>Os dejamos unas fotos que est\u00e1n en la pesta\u00f1a de Fotos Actividades. Mirad arriba. Un abrazo .<\/p>\n","protected":false},"excerpt":{"rendered":"<p>Ya estamos aqu\u00ed. Una aventura nueva nos espera. Despu\u00e9s de un viaje acalorado por las temperaturas extremas de calefacci\u00f3n en el autob\u00fas y un manojo de nervios ,llegamos a nuestro alojamiento \u00abAistenea\u00bb. 3 apartamentos para nosotros y nosotras. Nos repartimos las habitaciones, bajamos a cenar y dimos un poco de guerra antes de dormir. Pero &hellip; <\/p>\n<p><a class=\"more-link btn\" href=\"https:\/\/cpoteiza.educacion.navarra.es\/blog\/2013\/01\/21\/1er-dia-en-isaba-enero-2013\/\">Continue reading<\/a><\/p>\n","protected":false},"author":1,"featured_media":0,"comment_status":"open","ping_status":"open","sticky":false,"template":"","format":"standard","meta":[],"categories":[5],"tags":[],"_links":{"self":[{"href":"https:\/\/cpoteiza.educacion.navarra.es\/blog\/wp-json\/wp\/v2\/posts\/492"}],"collection":[{"href":"https:\/\/cpoteiza.educacion.navarra.es\/blog\/wp-json\/wp\/v2\/posts"}],"about":[{"href":"https:\/\/cpoteiza.educacion.navarra.es\/blog\/wp-json\/wp\/v2\/types\/post"}],"author":[{"embeddable":true,"href":"https:\/\/cpoteiza.educacion.navarra.es\/blog\/wp-json\/wp\/v2\/users\/1"}],"replies":[{"embeddable":true,"href":"https:\/\/cpoteiza.educacion.navarra.es\/blog\/wp-json\/wp\/v2\/comments?post=492"}],"version-history":[{"count":4,"href":"https:\/\/cpoteiza.educacion.navarra.es\/blog\/wp-json\/wp\/v2\/posts\/492\/revisions"}],"predecessor-version":[{"id":494,"href":"https:\/\/cpoteiza.educacion.navarra.es\/blog\/wp-json\/wp\/v2\/posts\/492\/revisions\/494"}],"wp:attachment":[{"href":"https:\/\/cpoteiza.educacion.navarra.es\/blog\/wp-json\/wp\/v2\/media?parent=492"}],"wp:term":[{"taxonomy":"category","embeddable":true,"href":"https:\/\/cpoteiza.educacion.navarra.es\/blog\/wp-json\/wp\/v2\/categories?post=492"},{"taxonomy":"post_tag","embeddable":true,"href":"https:\/\/cpoteiza.educacion.navarra.es\/blog\/wp-json\/wp\/v2\/tags?post=492"}],"curies":[{"name":"wp","href":"https:\/\/api.w.org\/{rel}","templated":true}]}}