{"id":272,"date":"2011-01-26T00:45:11","date_gmt":"2011-01-25T23:45:11","guid":{"rendered":"http:\/\/cpoteiza.educacion.navarra.es\/blog\/?p=272"},"modified":"2011-01-26T15:44:39","modified_gmt":"2011-01-26T14:44:39","slug":"2%c2%ba-dia-que-bien-nos-lo-estamos-pasando","status":"publish","type":"post","link":"https:\/\/cpoteiza.educacion.navarra.es\/blog\/2011\/01\/26\/2%c2%ba-dia-que-bien-nos-lo-estamos-pasando\/","title":{"rendered":"2\u00ba d\u00eda. Que bien nos lo estamos pasando."},"content":{"rendered":"<p style=\"text-align: justify;\">El 2\u00ba d\u00eda de nieve ha llegado a su fin. Ha sido un d\u00eda muy bueno en todos los aspectos. Cada hora que pasa tenemos m\u00e1s amigos y amigas de los otros colegios. Ha salido un d\u00eda extraordinario de nieve con buen\u00edsimas temperaturas. Hoy hemos estado esquiando y bajando dificil\u00edsimas bajadas con alg\u00fan que otro culetazo. Hemos comido muy bien y despu\u00e9s de comer nos hemos ido a Roncal donde nos han ense\u00f1ado el Centro de Interpretaci\u00f3n de la Naturaleza donde hemos visto dos v\u00eddeos sobre el Valle y sobre c\u00f3mo se form\u00f3 el valle. En el Centro tienen maquetas a tama\u00f1o real de : buitre, \u00e1guila real, milano negro, milano real, quebrantahuesos, cern\u00edcalo primilla y alg\u00fan otro ave que por estos sitios podemos ver. Hoy hemos visto una ardilla y en una picifastoria truchas. En Roncal tambi\u00e9n hemos participado en una gimkana por equipos que consist\u00eda en buscar pistas\u00a0 por el pueblo apunt\u00e1ndolas en una hoja.<\/p>\n<p style=\"text-align: justify;\">Al venir de Ronca hemos cenado super bien y los profesores y profesoras han pensando en hacer una actividad en la calle. Hemos estado jugando a un juego que se llama \u00bb PI\u00bb y luego para finalizar este magn\u00edfico d\u00eda hemos tenido una sesi\u00f3n de Cuenta Chistes. Los\/as valientes de todos los colegios han estado contando chistes, cada uno buen\u00edsimo. Nos hemos re\u00eddo como hac\u00eda tiempo. Hay grandes artistas entre nosotros y nosotras. Que rato de risas. Nos hemos acostado un poco tarde pero ma\u00f1ana nos levantamos\u00a0 a las 9.00.<\/p>\n<p style=\"text-align: justify;\">Sabemos que nuestros peces est\u00e1n perfectamente cuidados. Gracias. Y deciros que a\u00fan no se sabe bien el sexo de la persona que ha\u00a0 aparecido en la bola de nieve. Por ahora creemos que se trata de un chico porque la chica no est\u00e1 esquiando pero ma\u00f1ana haremos una excursi\u00f3n con raquetas de nieve y quiz\u00e1s veamos qui\u00e9n hace mejor la bola de nieve.<\/p>\n<p style=\"text-align: justify;\">Os echamos de menos pero estamos disfrutando mucho. Queremos seguir aprovechando estos d\u00edas. Ya os contaremos ma\u00f1ana. Gracias por vuestros comentarios. Queremos m\u00e1s.<\/p>\n<p style=\"text-align: left;\">Un besazo del equipo de esqu\u00ed de fondo del Colegio P\u00fablico San Salvador de Oteiza. Hasta ma\u00f1ana.<\/p>\n<p style=\"text-align: left;\">Una cosa, \u00bf Nos han instalado ya la pizarra digital? \u00bf Qu\u00e9 tal? Contadnos cosas, por favor.<\/p>\n\n\t\t<style type=\"text\/css\">\n\t\t\t#gallery-1 {\n\t\t\t\tmargin: auto;\n\t\t\t}\n\t\t\t#gallery-1 .gallery-item {\n\t\t\t\tfloat: left;\n\t\t\t\tmargin-top: 10px;\n\t\t\t\ttext-align: center;\n\t\t\t\twidth: 33%;\n\t\t\t}\n\t\t\t#gallery-1 img {\n\t\t\t\tborder: 2px solid #cfcfcf;\n\t\t\t}\n\t\t\t#gallery-1 .gallery-caption {\n\t\t\t\tmargin-left: 0;\n\t\t\t}\n\t\t\t\/* see gallery_shortcode() in wp-includes\/media.php *\/\n\t\t<\/style>\n\t\t<div id='gallery-1' class='gallery galleryid-272 gallery-columns-3 gallery-size-thumbnail'><dl class='gallery-item'>\n\t\t\t<dt class='gallery-icon landscape'>\n\t\t\t\t<a href='https:\/\/cpoteiza.educacion.navarra.es\/blog\/wp-content\/uploads\/2011\/01\/nieve.jpg'><img width=\"150\" height=\"150\" src=\"https:\/\/cpoteiza.educacion.navarra.es\/blog\/wp-content\/uploads\/2011\/01\/nieve-150x150.jpg\" class=\"attachment-thumbnail size-thumbnail\" alt=\"\" loading=\"lazy\" aria-describedby=\"gallery-1-275\" \/><\/a>\n\t\t\t<\/dt>\n\t\t\t\t<dd class='wp-caption-text gallery-caption' id='gallery-1-275'>\n\t\t\t\tParte del equipo.\n\t\t\t\t<\/dd><\/dl><dl class='gallery-item'>\n\t\t\t<dt class='gallery-icon landscape'>\n\t\t\t\t<a href='https:\/\/cpoteiza.educacion.navarra.es\/blog\/wp-content\/uploads\/2011\/01\/grupo.jpg'><img width=\"150\" height=\"150\" src=\"https:\/\/cpoteiza.educacion.navarra.es\/blog\/wp-content\/uploads\/2011\/01\/grupo-150x150.jpg\" class=\"attachment-thumbnail size-thumbnail\" alt=\"\" loading=\"lazy\" aria-describedby=\"gallery-1-274\" \/><\/a>\n\t\t\t<\/dt>\n\t\t\t\t<dd class='wp-caption-text gallery-caption' id='gallery-1-274'>\n\t\t\t\tDe aqu\u00ed a las Olimpiadas de invierno.\n\t\t\t\t<\/dd><\/dl><dl class='gallery-item'>\n\t\t\t<dt class='gallery-icon landscape'>\n\t\t\t\t<a href='https:\/\/cpoteiza.educacion.navarra.es\/blog\/wp-content\/uploads\/2011\/01\/bus.jpg'><img width=\"150\" height=\"150\" src=\"https:\/\/cpoteiza.educacion.navarra.es\/blog\/wp-content\/uploads\/2011\/01\/bus-150x150.jpg\" class=\"attachment-thumbnail size-thumbnail\" alt=\"\" loading=\"lazy\" aria-describedby=\"gallery-1-273\" \/><\/a>\n\t\t\t<\/dt>\n\t\t\t\t<dd class='wp-caption-text gallery-caption' id='gallery-1-273'>\n\t\t\t\tPreparadas para esquiar.\n\t\t\t\t<\/dd><\/dl><br style=\"clear: both\" \/>\n\t\t<\/div>\n\n","protected":false},"excerpt":{"rendered":"<p>El 2\u00ba d\u00eda de nieve ha llegado a su fin. Ha sido un d\u00eda muy bueno en todos los aspectos. Cada hora que pasa tenemos m\u00e1s amigos y amigas de los otros colegios. Ha salido un d\u00eda extraordinario de nieve con buen\u00edsimas temperaturas. Hoy hemos estado esquiando y bajando dificil\u00edsimas bajadas con alg\u00fan que otro &hellip; <\/p>\n<p><a class=\"more-link btn\" href=\"https:\/\/cpoteiza.educacion.navarra.es\/blog\/2011\/01\/26\/2%c2%ba-dia-que-bien-nos-lo-estamos-pasando\/\">Continue reading<\/a><\/p>\n","protected":false},"author":1,"featured_media":0,"comment_status":"open","ping_status":"open","sticky":false,"template":"","format":"standard","meta":[],"categories":[5],"tags":[],"_links":{"self":[{"href":"https:\/\/cpoteiza.educacion.navarra.es\/blog\/wp-json\/wp\/v2\/posts\/272"}],"collection":[{"href":"https:\/\/cpoteiza.educacion.navarra.es\/blog\/wp-json\/wp\/v2\/posts"}],"about":[{"href":"https:\/\/cpoteiza.educacion.navarra.es\/blog\/wp-json\/wp\/v2\/types\/post"}],"author":[{"embeddable":true,"href":"https:\/\/cpoteiza.educacion.navarra.es\/blog\/wp-json\/wp\/v2\/users\/1"}],"replies":[{"embeddable":true,"href":"https:\/\/cpoteiza.educacion.navarra.es\/blog\/wp-json\/wp\/v2\/comments?post=272"}],"version-history":[{"count":4,"href":"https:\/\/cpoteiza.educacion.navarra.es\/blog\/wp-json\/wp\/v2\/posts\/272\/revisions"}],"predecessor-version":[{"id":279,"href":"https:\/\/cpoteiza.educacion.navarra.es\/blog\/wp-json\/wp\/v2\/posts\/272\/revisions\/279"}],"wp:attachment":[{"href":"https:\/\/cpoteiza.educacion.navarra.es\/blog\/wp-json\/wp\/v2\/media?parent=272"}],"wp:term":[{"taxonomy":"category","embeddable":true,"href":"https:\/\/cpoteiza.educacion.navarra.es\/blog\/wp-json\/wp\/v2\/categories?post=272"},{"taxonomy":"post_tag","embeddable":true,"href":"https:\/\/cpoteiza.educacion.navarra.es\/blog\/wp-json\/wp\/v2\/tags?post=272"}],"curies":[{"name":"wp","href":"https:\/\/api.w.org\/{rel}","templated":true}]}}