{"id":195,"date":"2010-05-10T12:48:56","date_gmt":"2010-05-10T11:48:56","guid":{"rendered":"http:\/\/cpoteiza.educacion.navarra.es\/blog\/?p=195"},"modified":"2010-05-11T16:52:42","modified_gmt":"2010-05-11T15:52:42","slug":"5%c2%aa-ruta-a-coruna","status":"publish","type":"post","link":"https:\/\/cpoteiza.educacion.navarra.es\/blog\/2010\/05\/10\/5%c2%aa-ruta-a-coruna\/","title":{"rendered":"5\u00aa Ruta: A Coru\u00f1a"},"content":{"rendered":"\n\t\t<style type=\"text\/css\">\n\t\t\t#gallery-1 {\n\t\t\t\tmargin: auto;\n\t\t\t}\n\t\t\t#gallery-1 .gallery-item {\n\t\t\t\tfloat: left;\n\t\t\t\tmargin-top: 10px;\n\t\t\t\ttext-align: center;\n\t\t\t\twidth: 33%;\n\t\t\t}\n\t\t\t#gallery-1 img {\n\t\t\t\tborder: 2px solid #cfcfcf;\n\t\t\t}\n\t\t\t#gallery-1 .gallery-caption {\n\t\t\t\tmargin-left: 0;\n\t\t\t}\n\t\t\t\/* see gallery_shortcode() in wp-includes\/media.php *\/\n\t\t<\/style>\n\t\t<div id='gallery-1' class='gallery galleryid-195 gallery-columns-3 gallery-size-thumbnail'><dl class='gallery-item'>\n\t\t\t<dt class='gallery-icon portrait'>\n\t\t\t\t<a href='https:\/\/cpoteiza.educacion.navarra.es\/blog\/wp-content\/uploads\/2010\/05\/DSC03083.jpg'><img width=\"150\" height=\"150\" src=\"https:\/\/cpoteiza.educacion.navarra.es\/blog\/wp-content\/uploads\/2010\/05\/DSC03083-150x150.jpg\" class=\"attachment-thumbnail size-thumbnail\" alt=\"\" loading=\"lazy\" aria-describedby=\"gallery-1-196\" \/><\/a>\n\t\t\t<\/dt>\n\t\t\t\t<dd class='wp-caption-text gallery-caption' id='gallery-1-196'>\n\t\t\t\tJuan, Pilar y Jos\u00e9 Luis . Vaya cuadrilla.\n\t\t\t\t<\/dd><\/dl><dl class='gallery-item'>\n\t\t\t<dt class='gallery-icon landscape'>\n\t\t\t\t<a href='https:\/\/cpoteiza.educacion.navarra.es\/blog\/wp-content\/uploads\/2010\/05\/DSC03121.jpg'><img width=\"150\" height=\"150\" src=\"https:\/\/cpoteiza.educacion.navarra.es\/blog\/wp-content\/uploads\/2010\/05\/DSC03121-150x150.jpg\" class=\"attachment-thumbnail size-thumbnail\" alt=\"\" loading=\"lazy\" aria-describedby=\"gallery-1-197\" \/><\/a>\n\t\t\t<\/dt>\n\t\t\t\t<dd class='wp-caption-text gallery-caption' id='gallery-1-197'>\n\t\t\t\tNuestros antepasados y nosotros\/as\n\t\t\t\t<\/dd><\/dl><dl class='gallery-item'>\n\t\t\t<dt class='gallery-icon landscape'>\n\t\t\t\t<a href='https:\/\/cpoteiza.educacion.navarra.es\/blog\/wp-content\/uploads\/2010\/05\/DSC03129.jpg'><img width=\"150\" height=\"150\" src=\"https:\/\/cpoteiza.educacion.navarra.es\/blog\/wp-content\/uploads\/2010\/05\/DSC03129-150x150.jpg\" class=\"attachment-thumbnail size-thumbnail\" alt=\"\" loading=\"lazy\" aria-describedby=\"gallery-1-198\" \/><\/a>\n\t\t\t<\/dt>\n\t\t\t\t<dd class='wp-caption-text gallery-caption' id='gallery-1-198'>\n\t\t\t\tPlaya de Riazor , A Coru\u00f1a\n\t\t\t\t<\/dd><\/dl><br style=\"clear: both\" \/><dl class='gallery-item'>\n\t\t\t<dt class='gallery-icon portrait'>\n\t\t\t\t<a href='https:\/\/cpoteiza.educacion.navarra.es\/blog\/wp-content\/uploads\/2010\/05\/DSC03162.jpg'><img width=\"150\" height=\"150\" src=\"https:\/\/cpoteiza.educacion.navarra.es\/blog\/wp-content\/uploads\/2010\/05\/DSC03162-150x150.jpg\" class=\"attachment-thumbnail size-thumbnail\" alt=\"\" loading=\"lazy\" aria-describedby=\"gallery-1-199\" \/><\/a>\n\t\t\t<\/dt>\n\t\t\t\t<dd class='wp-caption-text gallery-caption' id='gallery-1-199'>\n\t\t\t\tFaro de H\u00e9rcules, A Coru\u00f1a. El faro m\u00e1s antiguo del mundo.\n\t\t\t\t<\/dd><\/dl>\n\t\t\t<br style='clear: both' \/>\n\t\t<\/div>\n\n<p>Ayer por la ma\u00f1ana salimos desde la residencia de Vigo camino de A Coru\u00f1a. El viaje fue un poco largo . Llegamos a A Coru\u00f1a y estuvimos en:<\/p>\n<ul>\n<li style=\"text-align: justify;\">Museo de las ciencias. En este museo pudimos ver y comprobar muchos experimentos. Estuvo muy chulo.<\/li>\n<li style=\"text-align: justify;\">Casa Domus: Este museo es impresionante y muy recomendable para todos los ni\u00f1os y ni\u00f1as. En \u00e9l si que pudimos hacer cosas, por ejemplo: &#8211; Comprobar a que velocidad chutamos un balon a porteria, comprobar quien se concentra mejor, ver un parto de verdad en un video, poner a prueba nuestro sentido del gusto probando sustancias que salian de una maquina, oler sustancias y adivinar qu\u00e9 eran, hacer aviones de papel y lanzarlos por su pista de despeque, hacernos fotos con astralopitecus, homos erectus, no s\u00e9 muchas, muchas\u00a0 cosas. Nos gust\u00f3 mucho a todos\/as.<\/li>\n<li style=\"text-align: justify;\">Al salir del museo nos fuimos dando un paseo por la Playa de Riazor hasta el restaurante, hab\u00eda un barco dragando el fondo del mar ( sacando arena para reconstruir la playa) , al fondo de la playa de Riazor vimos el estadio del Deportivo de la Coru\u00f1a.<\/li>\n<li style=\"text-align: justify;\">Comimos en un restaurante ( ensalada, macarrones, y helado) y al salir de \u00e9l estuvimos jugando en la calle a unos juegos que nos ense\u00f1\u00f3 Juan ( maetro de Granada)<\/li>\n<li style=\"text-align: justify;\">Y por \u00faltimo nos dirigimos a la Torre de H\u00e9rcules ( el faro en activo m\u00e1s antiguo del mundo, lo construyeron los romanos) , en \u00e9l pudimos comprobar la fuerza del viento y casi nos tira. El faro nos gust\u00f3 mucho.<\/li>\n<li style=\"text-align: justify;\">Al llegar a Sarria hicimos el intercambio de regalos. Los de \u00c1vila nos trajeron una mochila de su cole y una bolsita de pi\u00f1ones ( Hoyo de Pinares, pi\u00f1ones,&#8230;) y los de Granada nos hab\u00edan preparado un taz\u00f3n de desayuno elaborados por un alfarero de fama internacional amigo de Juan. En el taz\u00f3n hay una frase que nos invita a reflexionar \u00abLa libertad es siempre la libertad de quien piensa distinto\u00bb. La organizaci\u00f3n de Escuelas Viajeras nos regal\u00f3 una br\u00fajula muy chula.<\/li>\n<li style=\"text-align: justify;\">Despu\u00e9s de la entrega de regalos tuvimos un rato de tiempo libre y recogimos los emails de todos y todas.<\/li>\n<li style=\"text-align: justify;\">Nos fuimos a la cama y nos hemos levantado a las 7. Granada y \u00c1vila van juntos en el autob\u00fas hasta Madrid. Nuestro tren ha salido a las 9.10 h y llegaremos\u00a0 a Pamplona a las 17.08 h.<\/li>\n<\/ul>\n<p>Estamos viajando muy tranquilos en el tren. Nos han preparado tres bocadillos y mucha fruta con agua y zumo. Nos da mucha pena que se acabe.<\/p>\n<p>\u00a0Ma\u00f1ana haremos una reflexi\u00f3n personal para ver qu\u00e9 hemos aprendido y valorar esta bonita semana. Hasta ma\u00f1ana.<\/p>\n<p style=\"text-align: justify;\"><img title=\"gallery link=&quot;file&quot;\" src=\"https:\/\/cpoteiza.educacion.navarra.es\/blog\/wp-includes\/js\/tinymce\/plugins\/wpgallery\/img\/t.gif\" alt=\"\" \/><\/p>\n","protected":false},"excerpt":{"rendered":"<p>Ayer por la ma\u00f1ana salimos desde la residencia de Vigo camino de A Coru\u00f1a. El viaje fue un poco largo . Llegamos a A Coru\u00f1a y estuvimos en: Museo de las ciencias. En este museo pudimos ver y comprobar muchos experimentos. Estuvo muy chulo. Casa Domus: Este museo es impresionante y muy recomendable para todos &hellip; <\/p>\n<p><a class=\"more-link btn\" href=\"https:\/\/cpoteiza.educacion.navarra.es\/blog\/2010\/05\/10\/5%c2%aa-ruta-a-coruna\/\">Continue reading<\/a><\/p>\n","protected":false},"author":1,"featured_media":0,"comment_status":"open","ping_status":"open","sticky":false,"template":"","format":"standard","meta":[],"categories":[9],"tags":[],"_links":{"self":[{"href":"https:\/\/cpoteiza.educacion.navarra.es\/blog\/wp-json\/wp\/v2\/posts\/195"}],"collection":[{"href":"https:\/\/cpoteiza.educacion.navarra.es\/blog\/wp-json\/wp\/v2\/posts"}],"about":[{"href":"https:\/\/cpoteiza.educacion.navarra.es\/blog\/wp-json\/wp\/v2\/types\/post"}],"author":[{"embeddable":true,"href":"https:\/\/cpoteiza.educacion.navarra.es\/blog\/wp-json\/wp\/v2\/users\/1"}],"replies":[{"embeddable":true,"href":"https:\/\/cpoteiza.educacion.navarra.es\/blog\/wp-json\/wp\/v2\/comments?post=195"}],"version-history":[{"count":5,"href":"https:\/\/cpoteiza.educacion.navarra.es\/blog\/wp-json\/wp\/v2\/posts\/195\/revisions"}],"predecessor-version":[{"id":222,"href":"https:\/\/cpoteiza.educacion.navarra.es\/blog\/wp-json\/wp\/v2\/posts\/195\/revisions\/222"}],"wp:attachment":[{"href":"https:\/\/cpoteiza.educacion.navarra.es\/blog\/wp-json\/wp\/v2\/media?parent=195"}],"wp:term":[{"taxonomy":"category","embeddable":true,"href":"https:\/\/cpoteiza.educacion.navarra.es\/blog\/wp-json\/wp\/v2\/categories?post=195"},{"taxonomy":"post_tag","embeddable":true,"href":"https:\/\/cpoteiza.educacion.navarra.es\/blog\/wp-json\/wp\/v2\/tags?post=195"}],"curies":[{"name":"wp","href":"https:\/\/api.w.org\/{rel}","templated":true}]}}